{"id":9642,"date":"2024-08-28T17:01:16","date_gmt":"2024-08-28T20:01:16","guid":{"rendered":"https:\/\/www.amesuamente.org.br\/en\/?p=9642"},"modified":"2024-08-28T17:16:51","modified_gmt":"2024-08-28T20:16:51","slug":"the-power-of-forgiveness-and-the-importance-of-developing-it-from-childhood","status":"publish","type":"post","link":"https:\/\/www.amesuamente.org.br\/en\/blog\/the-power-of-forgiveness-and-the-importance-of-developing-it-from-childhood\/","title":{"rendered":"The power of forgiveness and the importance of developing it from childhood"},"content":{"rendered":"<style><span data-mce-type=\"bookmark\" style=\"display: inline-block; width: 0px; overflow: hidden; line-height: 0;\" class=\"mce_SELRES_start\">\ufeff<\/span><span data-mce-type=\"bookmark\" style=\"display: inline-block; width: 0px; overflow: hidden; line-height: 0;\" class=\"mce_SELRES_start\">\ufeff<\/span><span data-mce-type=\"bookmark\" style=\"display: inline-block; width: 0px; overflow: hidden; line-height: 0;\" class=\"mce_SELRES_start\">\ufeff<\/span>h1.entry-title {display:none;}<\/style>\n<p><img loading=\"lazy\" decoding=\"async\" class=\"showDesktop aligncenter wp-image-9644 size-full\" src=\"https:\/\/www.amesuamente.org.br\/en\/wp-content\/uploads\/2024\/08\/@header_blog_perdao.png\" alt=\"\" width=\"1428\" height=\"520\" srcset=\"https:\/\/www.amesuamente.org.br\/en\/wp-content\/uploads\/2024\/08\/@header_blog_perdao.png 1428w, https:\/\/www.amesuamente.org.br\/en\/wp-content\/uploads\/2024\/08\/@header_blog_perdao-1280x466.png 1280w, https:\/\/www.amesuamente.org.br\/en\/wp-content\/uploads\/2024\/08\/@header_blog_perdao-980x357.png 980w, https:\/\/www.amesuamente.org.br\/en\/wp-content\/uploads\/2024\/08\/@header_blog_perdao-480x175.png 480w\" sizes=\"auto, (min-width: 0px) and (max-width: 480px) 480px, (min-width: 481px) and (max-width: 980px) 980px, (min-width: 981px) and (max-width: 1280px) 1280px, (min-width: 1281px) 1428px, 100vw\" \/><\/p>\n<h3><img loading=\"lazy\" decoding=\"async\" class=\"showMobile aligncenter wp-image-9645 size-full\" src=\"https:\/\/www.amesuamente.org.br\/en\/wp-content\/uploads\/2024\/08\/@header_mobile_blog_perdao.png\" alt=\"\" width=\"770\" height=\"700\" srcset=\"https:\/\/www.amesuamente.org.br\/en\/wp-content\/uploads\/2024\/08\/@header_mobile_blog_perdao.png 770w, https:\/\/www.amesuamente.org.br\/en\/wp-content\/uploads\/2024\/08\/@header_mobile_blog_perdao-480x436.png 480w\" sizes=\"auto, (min-width: 0px) and (max-width: 480px) 480px, (min-width: 481px) 770px, 100vw\" \/><\/h3>\n<p><span style=\"font-weight: 400;\">When was the last time you forgave someone? This gesture, seen as a noble act, is more beneficial than many imagine. Understanding this idea can make a difference in living a healthier life. Science has shown that the power of forgiveness is real and can strengthen physical and mental health.\u00a0<\/span><b>Want to explore more about the importance of mental health care?\u00a0<\/b><a href=\"https:\/\/www.amesuamente.org.br\/en\/blog-de-saude-mental\/\"><b>Check out our articles.<\/b><\/a><\/p>\n<p><span style=\"font-weight: 400;\">Studies point to the relationship between the willingness to forgive and stress levels. Research published in the Journal of Health Psychology has shown that people with a greater tendency to forgive suffer less from the influence of stress on their mental health. Other studies reveal that forgiveness helps regulate blood pressure and heart rate, as well as improving<\/span> <span style=\"font-weight: 400;\">sleep<\/span><span style=\"font-weight: 400;\"> quality <\/span><span style=\"font-weight: 400;\">and even impacting longevity.<\/span><\/p>\n<p><span style=\"font-weight: 400;\">The production of hormones and management of negative feelings that arise after an offense are factors that can compromise well-being. It is natural for the reaction to involve anger, shame, indignation and sadness, which may lose strength to the extent that there is a willingness to forgive. Otherwise, these emotional states can gradually contribute to the development of<\/span> <a href=\"https:\/\/www.amesuamente.org.br\/en\/blog\/anxiety-disorders-what-they-are-and-what-are-the-symptoms-and-treatments\/\"><span style=\"font-weight: 400;\">anxiety<\/span><\/a> <span style=\"font-weight: 400;\">or<\/span> <a href=\"https:\/\/www.amesuamente.org.br\/en\/blog\/depression-what-it-is-what-are-the-symptoms-and-treatments\/\"><span style=\"font-weight: 400;\">depression<\/span><\/a><span style=\"font-weight: 400;\">.\u00a0<\/span><\/p>\n<h3><span style=\"color: #c26dab;\"><b>What is our capacity to forgive?<\/b><\/span><\/h3>\n<p><span style=\"font-weight: 400;\">There is another recent study focused on people&#8217;s perception of forgiveness. The results show:<\/span><\/p>\n<ul>\n<li style=\"font-weight: 400;\" aria-level=\"1\"><span style=\"font-weight: 400;\">older people are more willing to forgive;\u00a0<\/span><\/li>\n<li style=\"font-weight: 400;\" aria-level=\"1\"><span style=\"font-weight: 400;\">the greatest difficulty in forgiving occurs in connection with people very close to us who offend us in some way;<\/span><\/li>\n<li style=\"font-weight: 400;\" aria-level=\"1\"><span style=\"font-weight: 400;\">most respondents see forgiveness as a source of well-being, a sentiment that corroborates scientific findings.<\/span><\/li>\n<\/ul>\n<h3><span style=\"color: #c26dab;\"><b>A power to be developed<\/b><\/span><\/h3>\n<p><span style=\"font-weight: 400;\">The research data that point to age as a factor in increased willingness to forgive deserves some reflection. It is inevitable that children and adolescents experience disappointment and pain caused by other people&#8217;s attitudes.\u00a0\u00a0<\/span><\/p>\n<p><span style=\"font-weight: 400;\">At home or at school, conflicts often arise and are part of emotional development. Caregivers or educators must guide children and young people towards finding a solution to their issues, but this process becomes more fluid to the extent that we encourage a predisposition to forgive from an early age.<\/span><\/p>\n<p><span style=\"font-weight: 400;\">To stimulate this<\/span> <span style=\"font-weight: 400;\">socio-emotional skill<\/span><span style=\"font-weight: 400;\">, we must take into account the best approach for each age. Here are some tips to help children and teenagers develop the ability to forgive.\u00a0<\/span><\/p>\n<p><img loading=\"lazy\" decoding=\"async\" class=\"showDesktop aligncenter size-full wp-image-9647\" src=\"https:\/\/www.amesuamente.org.br\/en\/wp-content\/uploads\/2024\/08\/img-desktop-perdao1-ingles.png\" alt=\"\" width=\"1435\" height=\"746\" srcset=\"https:\/\/www.amesuamente.org.br\/en\/wp-content\/uploads\/2024\/08\/img-desktop-perdao1-ingles.png 1435w, https:\/\/www.amesuamente.org.br\/en\/wp-content\/uploads\/2024\/08\/img-desktop-perdao1-ingles-1280x665.png 1280w, https:\/\/www.amesuamente.org.br\/en\/wp-content\/uploads\/2024\/08\/img-desktop-perdao1-ingles-980x509.png 980w, https:\/\/www.amesuamente.org.br\/en\/wp-content\/uploads\/2024\/08\/img-desktop-perdao1-ingles-480x250.png 480w\" sizes=\"auto, (min-width: 0px) and (max-width: 480px) 480px, (min-width: 481px) and (max-width: 980px) 980px, (min-width: 981px) and (max-width: 1280px) 1280px, (min-width: 1281px) 1435px, 100vw\" \/><\/p>\n<p><img loading=\"lazy\" decoding=\"async\" class=\"showMobile aligncenter size-full wp-image-9648\" src=\"https:\/\/www.amesuamente.org.br\/en\/wp-content\/uploads\/2024\/08\/img-mobile-perdao1-ingles.png\" alt=\"\" width=\"1049\" height=\"1496\" srcset=\"https:\/\/www.amesuamente.org.br\/en\/wp-content\/uploads\/2024\/08\/img-mobile-perdao1-ingles.png 1049w, https:\/\/www.amesuamente.org.br\/en\/wp-content\/uploads\/2024\/08\/img-mobile-perdao1-ingles-980x1398.png 980w, https:\/\/www.amesuamente.org.br\/en\/wp-content\/uploads\/2024\/08\/img-mobile-perdao1-ingles-480x685.png 480w\" sizes=\"auto, (min-width: 0px) and (max-width: 480px) 480px, (min-width: 481px) and (max-width: 980px) 980px, (min-width: 981px) 1049px, 100vw\" \/><\/p>\n<p><span style=\"font-weight: 400;\">In studies carried out to highlight the positive impact of forgiveness on children and adolescents, greater empathy was observed, in addition to a lower tendency towards aggression and hostility directed at peers.\u00a0<\/span><\/p>\n<p><span style=\"font-weight: 400;\">Developing the ability to forgive was positive even from the point of view of academic performance, in addition to strengthening children&#8217;s positive feelings towards teachers, family and peers.<\/span><\/p>\n<h3><span style=\"color: #c26dab;\"><b>We learn every day<\/b><\/span><\/h3>\n<p><span style=\"font-weight: 400;\">There are some initiatives that can help people of all ages to forgive more and enjoy the benefits on the body and mind. It is true that this process can be quite complex, as it involves values, feelings and various emotional issues \u2013 situations considered more serious would probably leave a scar, even if the person manages to forgive the person who \u201churt\u201d them. But certainly, this exercise is valid in order to obtain a better quality of life and serve as an example to the younger ones. There are some points of reflection that can show the way to being able to forgive someone:<\/span><\/p>\n<p><img loading=\"lazy\" decoding=\"async\" class=\"showDesktop aligncenter size-full wp-image-9649\" src=\"https:\/\/www.amesuamente.org.br\/en\/wp-content\/uploads\/2024\/08\/img-desktop-perdao2-ingles.png\" alt=\"\" width=\"1434\" height=\"613\" srcset=\"https:\/\/www.amesuamente.org.br\/en\/wp-content\/uploads\/2024\/08\/img-desktop-perdao2-ingles.png 1434w, https:\/\/www.amesuamente.org.br\/en\/wp-content\/uploads\/2024\/08\/img-desktop-perdao2-ingles-1280x547.png 1280w, https:\/\/www.amesuamente.org.br\/en\/wp-content\/uploads\/2024\/08\/img-desktop-perdao2-ingles-980x419.png 980w, https:\/\/www.amesuamente.org.br\/en\/wp-content\/uploads\/2024\/08\/img-desktop-perdao2-ingles-480x205.png 480w\" sizes=\"auto, (min-width: 0px) and (max-width: 480px) 480px, (min-width: 481px) and (max-width: 980px) 980px, (min-width: 981px) and (max-width: 1280px) 1280px, (min-width: 1281px) 1434px, 100vw\" \/><\/p>\n<p><img loading=\"lazy\" decoding=\"async\" class=\"showMobile aligncenter size-full wp-image-9650\" src=\"https:\/\/www.amesuamente.org.br\/en\/wp-content\/uploads\/2024\/08\/img-mobile-perdao2-ingles.png\" alt=\"\" width=\"1049\" height=\"1071\" srcset=\"https:\/\/www.amesuamente.org.br\/en\/wp-content\/uploads\/2024\/08\/img-mobile-perdao2-ingles.png 1049w, https:\/\/www.amesuamente.org.br\/en\/wp-content\/uploads\/2024\/08\/img-mobile-perdao2-ingles-980x1001.png 980w, https:\/\/www.amesuamente.org.br\/en\/wp-content\/uploads\/2024\/08\/img-mobile-perdao2-ingles-480x490.png 480w\" sizes=\"auto, (min-width: 0px) and (max-width: 480px) 480px, (min-width: 481px) and (max-width: 980px) 980px, (min-width: 981px) 1049px, 100vw\" \/><\/p>\n","protected":false},"excerpt":{"rendered":"<p>When was the last time you forgave someone? This gesture, seen as a noble act, is more beneficial than many imagine. Understanding this idea can make a difference in living a healthier life. Science has shown that the power of forgiveness is real and can strengthen physical and mental health.\u00a0Want to explore more about the [&hellip;]<\/p>\n","protected":false},"author":2,"featured_media":9643,"comment_status":"closed","ping_status":"closed","sticky":false,"template":"","format":"standard","meta":{"_acf_changed":false,"_et_pb_use_builder":"","_et_pb_old_content":"","_et_gb_content_width":"","footnotes":""},"categories":[67,68,37,43,42],"tags":[159,234,232,233],"class_list":["post-9642","post","type-post","status-publish","format-standard","has-post-thumbnail","hentry","category-jovens-criancas-blog","category-prevencao-bem-estar-blog","category-blog","category-jovens-criancas-conteudo","category-prevencao-bem-estar-conteudo","tag-bem-estar","tag-combate-estresse","tag-conexao","tag-natureza"],"acf":[],"yoast_head":"<!-- This site is optimized with the Yoast SEO plugin v27.4 - https:\/\/yoast.com\/product\/yoast-seo-wordpress\/ -->\n<title>The power of forgiveness and the importance of developing it from childhood<\/title>\n<meta name=\"description\" content=\"The power of forgiveness is something that can be developed at different stages of life. Understand the importance of forgiving and how it can bring physical and mental health.\" \/>\n<meta name=\"robots\" content=\"index, follow, max-snippet:-1, max-image-preview:large, max-video-preview:-1\" \/>\n<link rel=\"canonical\" href=\"https:\/\/www.amesuamente.org.br\/en\/blog\/the-power-of-forgiveness-and-the-importance-of-developing-it-from-childhood\/\" \/>\n<meta property=\"og:locale\" content=\"en_US\" \/>\n<meta property=\"og:type\" content=\"article\" \/>\n<meta property=\"og:title\" content=\"The power of forgiveness and the importance of developing it from childhood\" \/>\n<meta property=\"og:description\" content=\"The power of forgiveness is something that can be developed at different stages of life. Understand the importance of forgiving and how it can bring physical and mental health.\" \/>\n<meta property=\"og:url\" content=\"https:\/\/www.amesuamente.org.br\/en\/blog\/the-power-of-forgiveness-and-the-importance-of-developing-it-from-childhood\/\" \/>\n<meta property=\"og:site_name\" content=\"Ame Sua Mente\" \/>\n<meta property=\"article:publisher\" content=\"https:\/\/web.facebook.com\/amesuamenteinstituto\" \/>\n<meta property=\"article:published_time\" content=\"2024-08-28T20:01:16+00:00\" \/>\n<meta property=\"article:modified_time\" content=\"2024-08-28T20:16:51+00:00\" \/>\n<meta property=\"og:image\" content=\"https:\/\/www.amesuamente.org.br\/en\/wp-content\/uploads\/2024\/08\/@foto_blog_perdao.png\" \/>\n\t<meta property=\"og:image:width\" content=\"600\" \/>\n\t<meta property=\"og:image:height\" content=\"600\" \/>\n\t<meta property=\"og:image:type\" content=\"image\/png\" \/>\n<meta name=\"author\" content=\"Ame sua Mente\" \/>\n<meta name=\"twitter:card\" content=\"summary_large_image\" \/>\n<meta name=\"twitter:label1\" content=\"Written by\" \/>\n\t<meta name=\"twitter:data1\" content=\"Ame sua Mente\" \/>\n\t<meta name=\"twitter:label2\" content=\"Est. reading time\" \/>\n\t<meta name=\"twitter:data2\" content=\"5 minutes\" \/>\n<script type=\"application\/ld+json\" class=\"yoast-schema-graph\">{\"@context\":\"https:\\\/\\\/schema.org\",\"@graph\":[{\"@type\":\"Article\",\"@id\":\"https:\\\/\\\/www.amesuamente.org.br\\\/en\\\/blog\\\/the-power-of-forgiveness-and-the-importance-of-developing-it-from-childhood\\\/#article\",\"isPartOf\":{\"@id\":\"https:\\\/\\\/www.amesuamente.org.br\\\/en\\\/blog\\\/the-power-of-forgiveness-and-the-importance-of-developing-it-from-childhood\\\/\"},\"author\":{\"name\":\"Ame sua Mente\",\"@id\":\"https:\\\/\\\/www.amesuamente.org.br\\\/en\\\/#\\\/schema\\\/person\\\/3e4dc15ac16e42f5a0b2bf7c2adae3df\"},\"headline\":\"The power of forgiveness and the importance of developing it from childhood\",\"datePublished\":\"2024-08-28T20:01:16+00:00\",\"dateModified\":\"2024-08-28T20:16:51+00:00\",\"mainEntityOfPage\":{\"@id\":\"https:\\\/\\\/www.amesuamente.org.br\\\/en\\\/blog\\\/the-power-of-forgiveness-and-the-importance-of-developing-it-from-childhood\\\/\"},\"wordCount\":554,\"publisher\":{\"@id\":\"https:\\\/\\\/www.amesuamente.org.br\\\/en\\\/#organization\"},\"image\":{\"@id\":\"https:\\\/\\\/www.amesuamente.org.br\\\/en\\\/blog\\\/the-power-of-forgiveness-and-the-importance-of-developing-it-from-childhood\\\/#primaryimage\"},\"thumbnailUrl\":\"https:\\\/\\\/www.amesuamente.org.br\\\/en\\\/wp-content\\\/uploads\\\/2024\\\/08\\\/@foto_blog_perdao.png\",\"keywords\":[\"bem-estar\",\"combate estresse\",\"conex\u00e3o\",\"natureza\"],\"articleSection\":[\"B Jovens \\\/ Crian\u00e7as\",\"B Preven\u00e7\u00e3o\\\/Bem-Estar\",\"Blog\",\"C Jovens \\\/ Crian\u00e7as\",\"C Preven\u00e7\u00e3o\\\/Bem Estar\"],\"inLanguage\":\"en-US\"},{\"@type\":\"WebPage\",\"@id\":\"https:\\\/\\\/www.amesuamente.org.br\\\/en\\\/blog\\\/the-power-of-forgiveness-and-the-importance-of-developing-it-from-childhood\\\/\",\"url\":\"https:\\\/\\\/www.amesuamente.org.br\\\/en\\\/blog\\\/the-power-of-forgiveness-and-the-importance-of-developing-it-from-childhood\\\/\",\"name\":\"The power of forgiveness and the importance of developing it from childhood\",\"isPartOf\":{\"@id\":\"https:\\\/\\\/www.amesuamente.org.br\\\/en\\\/#website\"},\"primaryImageOfPage\":{\"@id\":\"https:\\\/\\\/www.amesuamente.org.br\\\/en\\\/blog\\\/the-power-of-forgiveness-and-the-importance-of-developing-it-from-childhood\\\/#primaryimage\"},\"image\":{\"@id\":\"https:\\\/\\\/www.amesuamente.org.br\\\/en\\\/blog\\\/the-power-of-forgiveness-and-the-importance-of-developing-it-from-childhood\\\/#primaryimage\"},\"thumbnailUrl\":\"https:\\\/\\\/www.amesuamente.org.br\\\/en\\\/wp-content\\\/uploads\\\/2024\\\/08\\\/@foto_blog_perdao.png\",\"datePublished\":\"2024-08-28T20:01:16+00:00\",\"dateModified\":\"2024-08-28T20:16:51+00:00\",\"description\":\"The power of forgiveness is something that can be developed at different stages of life. Understand the importance of forgiving and how it can bring physical and mental health.\",\"breadcrumb\":{\"@id\":\"https:\\\/\\\/www.amesuamente.org.br\\\/en\\\/blog\\\/the-power-of-forgiveness-and-the-importance-of-developing-it-from-childhood\\\/#breadcrumb\"},\"inLanguage\":\"en-US\",\"potentialAction\":[{\"@type\":\"ReadAction\",\"target\":[\"https:\\\/\\\/www.amesuamente.org.br\\\/en\\\/blog\\\/the-power-of-forgiveness-and-the-importance-of-developing-it-from-childhood\\\/\"]}]},{\"@type\":\"ImageObject\",\"inLanguage\":\"en-US\",\"@id\":\"https:\\\/\\\/www.amesuamente.org.br\\\/en\\\/blog\\\/the-power-of-forgiveness-and-the-importance-of-developing-it-from-childhood\\\/#primaryimage\",\"url\":\"https:\\\/\\\/www.amesuamente.org.br\\\/en\\\/wp-content\\\/uploads\\\/2024\\\/08\\\/@foto_blog_perdao.png\",\"contentUrl\":\"https:\\\/\\\/www.amesuamente.org.br\\\/en\\\/wp-content\\\/uploads\\\/2024\\\/08\\\/@foto_blog_perdao.png\",\"width\":600,\"height\":600},{\"@type\":\"BreadcrumbList\",\"@id\":\"https:\\\/\\\/www.amesuamente.org.br\\\/en\\\/blog\\\/the-power-of-forgiveness-and-the-importance-of-developing-it-from-childhood\\\/#breadcrumb\",\"itemListElement\":[{\"@type\":\"ListItem\",\"position\":1,\"name\":\"In\u00edcio\",\"item\":\"https:\\\/\\\/www.amesuamente.org.br\\\/en\\\/\"},{\"@type\":\"ListItem\",\"position\":2,\"name\":\"The power of forgiveness and the importance of developing it from childhood\"}]},{\"@type\":\"WebSite\",\"@id\":\"https:\\\/\\\/www.amesuamente.org.br\\\/en\\\/#website\",\"url\":\"https:\\\/\\\/www.amesuamente.org.br\\\/en\\\/\",\"name\":\"Ame Sua Mente\",\"description\":\"A mente \u00e9 sua lente para o mundo\",\"publisher\":{\"@id\":\"https:\\\/\\\/www.amesuamente.org.br\\\/en\\\/#organization\"},\"potentialAction\":[{\"@type\":\"SearchAction\",\"target\":{\"@type\":\"EntryPoint\",\"urlTemplate\":\"https:\\\/\\\/www.amesuamente.org.br\\\/en\\\/?s={search_term_string}\"},\"query-input\":{\"@type\":\"PropertyValueSpecification\",\"valueRequired\":true,\"valueName\":\"search_term_string\"}}],\"inLanguage\":\"en-US\"},{\"@type\":\"Organization\",\"@id\":\"https:\\\/\\\/www.amesuamente.org.br\\\/en\\\/#organization\",\"name\":\"Ame Sua Mente\",\"url\":\"https:\\\/\\\/www.amesuamente.org.br\\\/en\\\/\",\"logo\":{\"@type\":\"ImageObject\",\"inLanguage\":\"en-US\",\"@id\":\"https:\\\/\\\/www.amesuamente.org.br\\\/en\\\/#\\\/schema\\\/logo\\\/image\\\/\",\"url\":\"https:\\\/\\\/www.amesuamente.org.br\\\/en\\\/wp-content\\\/uploads\\\/2023\\\/03\\\/logo_l.png\",\"contentUrl\":\"https:\\\/\\\/www.amesuamente.org.br\\\/en\\\/wp-content\\\/uploads\\\/2023\\\/03\\\/logo_l.png\",\"width\":216,\"height\":144,\"caption\":\"Ame Sua Mente\"},\"image\":{\"@id\":\"https:\\\/\\\/www.amesuamente.org.br\\\/en\\\/#\\\/schema\\\/logo\\\/image\\\/\"},\"sameAs\":[\"https:\\\/\\\/web.facebook.com\\\/amesuamenteinstituto\",\"https:\\\/\\\/www.instagram.com\\\/ame_sua_mente\\\/\",\"https:\\\/\\\/br.linkedin.com\\\/company\\\/institutoasm\",\"https:\\\/\\\/www.youtube.com\\\/@institutoamesuamente\"]},{\"@type\":\"Person\",\"@id\":\"https:\\\/\\\/www.amesuamente.org.br\\\/en\\\/#\\\/schema\\\/person\\\/3e4dc15ac16e42f5a0b2bf7c2adae3df\",\"name\":\"Ame sua Mente\",\"image\":{\"@type\":\"ImageObject\",\"inLanguage\":\"en-US\",\"@id\":\"https:\\\/\\\/www.amesuamente.org.br\\\/en\\\/wp-content\\\/litespeed\\\/avatar\\\/bf4cd2b929f7ff6f25bed67826e85d49.jpg?ver=1777502329\",\"url\":\"https:\\\/\\\/www.amesuamente.org.br\\\/en\\\/wp-content\\\/litespeed\\\/avatar\\\/bf4cd2b929f7ff6f25bed67826e85d49.jpg?ver=1777502329\",\"contentUrl\":\"https:\\\/\\\/www.amesuamente.org.br\\\/en\\\/wp-content\\\/litespeed\\\/avatar\\\/bf4cd2b929f7ff6f25bed67826e85d49.jpg?ver=1777502329\",\"caption\":\"Ame sua Mente\"},\"url\":\"https:\\\/\\\/www.amesuamente.org.br\\\/en\\\/author\\\/todoame\\\/\"}]}<\/script>\n<!-- \/ Yoast SEO plugin. -->","yoast_head_json":{"title":"The power of forgiveness and the importance of developing it from childhood","description":"The power of forgiveness is something that can be developed at different stages of life. Understand the importance of forgiving and how it can bring physical and mental health.","robots":{"index":"index","follow":"follow","max-snippet":"max-snippet:-1","max-image-preview":"max-image-preview:large","max-video-preview":"max-video-preview:-1"},"canonical":"https:\/\/www.amesuamente.org.br\/en\/blog\/the-power-of-forgiveness-and-the-importance-of-developing-it-from-childhood\/","og_locale":"en_US","og_type":"article","og_title":"The power of forgiveness and the importance of developing it from childhood","og_description":"The power of forgiveness is something that can be developed at different stages of life. Understand the importance of forgiving and how it can bring physical and mental health.","og_url":"https:\/\/www.amesuamente.org.br\/en\/blog\/the-power-of-forgiveness-and-the-importance-of-developing-it-from-childhood\/","og_site_name":"Ame Sua Mente","article_publisher":"https:\/\/web.facebook.com\/amesuamenteinstituto","article_published_time":"2024-08-28T20:01:16+00:00","article_modified_time":"2024-08-28T20:16:51+00:00","og_image":[{"width":600,"height":600,"url":"https:\/\/www.amesuamente.org.br\/en\/wp-content\/uploads\/2024\/08\/@foto_blog_perdao.png","type":"image\/png"}],"author":"Ame sua Mente","twitter_card":"summary_large_image","twitter_misc":{"Written by":"Ame sua Mente","Est. reading time":"5 minutes"},"schema":{"@context":"https:\/\/schema.org","@graph":[{"@type":"Article","@id":"https:\/\/www.amesuamente.org.br\/en\/blog\/the-power-of-forgiveness-and-the-importance-of-developing-it-from-childhood\/#article","isPartOf":{"@id":"https:\/\/www.amesuamente.org.br\/en\/blog\/the-power-of-forgiveness-and-the-importance-of-developing-it-from-childhood\/"},"author":{"name":"Ame sua Mente","@id":"https:\/\/www.amesuamente.org.br\/en\/#\/schema\/person\/3e4dc15ac16e42f5a0b2bf7c2adae3df"},"headline":"The power of forgiveness and the importance of developing it from childhood","datePublished":"2024-08-28T20:01:16+00:00","dateModified":"2024-08-28T20:16:51+00:00","mainEntityOfPage":{"@id":"https:\/\/www.amesuamente.org.br\/en\/blog\/the-power-of-forgiveness-and-the-importance-of-developing-it-from-childhood\/"},"wordCount":554,"publisher":{"@id":"https:\/\/www.amesuamente.org.br\/en\/#organization"},"image":{"@id":"https:\/\/www.amesuamente.org.br\/en\/blog\/the-power-of-forgiveness-and-the-importance-of-developing-it-from-childhood\/#primaryimage"},"thumbnailUrl":"https:\/\/www.amesuamente.org.br\/en\/wp-content\/uploads\/2024\/08\/@foto_blog_perdao.png","keywords":["bem-estar","combate estresse","conex\u00e3o","natureza"],"articleSection":["B Jovens \/ Crian\u00e7as","B Preven\u00e7\u00e3o\/Bem-Estar","Blog","C Jovens \/ Crian\u00e7as","C Preven\u00e7\u00e3o\/Bem Estar"],"inLanguage":"en-US"},{"@type":"WebPage","@id":"https:\/\/www.amesuamente.org.br\/en\/blog\/the-power-of-forgiveness-and-the-importance-of-developing-it-from-childhood\/","url":"https:\/\/www.amesuamente.org.br\/en\/blog\/the-power-of-forgiveness-and-the-importance-of-developing-it-from-childhood\/","name":"The power of forgiveness and the importance of developing it from childhood","isPartOf":{"@id":"https:\/\/www.amesuamente.org.br\/en\/#website"},"primaryImageOfPage":{"@id":"https:\/\/www.amesuamente.org.br\/en\/blog\/the-power-of-forgiveness-and-the-importance-of-developing-it-from-childhood\/#primaryimage"},"image":{"@id":"https:\/\/www.amesuamente.org.br\/en\/blog\/the-power-of-forgiveness-and-the-importance-of-developing-it-from-childhood\/#primaryimage"},"thumbnailUrl":"https:\/\/www.amesuamente.org.br\/en\/wp-content\/uploads\/2024\/08\/@foto_blog_perdao.png","datePublished":"2024-08-28T20:01:16+00:00","dateModified":"2024-08-28T20:16:51+00:00","description":"The power of forgiveness is something that can be developed at different stages of life. Understand the importance of forgiving and how it can bring physical and mental health.","breadcrumb":{"@id":"https:\/\/www.amesuamente.org.br\/en\/blog\/the-power-of-forgiveness-and-the-importance-of-developing-it-from-childhood\/#breadcrumb"},"inLanguage":"en-US","potentialAction":[{"@type":"ReadAction","target":["https:\/\/www.amesuamente.org.br\/en\/blog\/the-power-of-forgiveness-and-the-importance-of-developing-it-from-childhood\/"]}]},{"@type":"ImageObject","inLanguage":"en-US","@id":"https:\/\/www.amesuamente.org.br\/en\/blog\/the-power-of-forgiveness-and-the-importance-of-developing-it-from-childhood\/#primaryimage","url":"https:\/\/www.amesuamente.org.br\/en\/wp-content\/uploads\/2024\/08\/@foto_blog_perdao.png","contentUrl":"https:\/\/www.amesuamente.org.br\/en\/wp-content\/uploads\/2024\/08\/@foto_blog_perdao.png","width":600,"height":600},{"@type":"BreadcrumbList","@id":"https:\/\/www.amesuamente.org.br\/en\/blog\/the-power-of-forgiveness-and-the-importance-of-developing-it-from-childhood\/#breadcrumb","itemListElement":[{"@type":"ListItem","position":1,"name":"In\u00edcio","item":"https:\/\/www.amesuamente.org.br\/en\/"},{"@type":"ListItem","position":2,"name":"The power of forgiveness and the importance of developing it from childhood"}]},{"@type":"WebSite","@id":"https:\/\/www.amesuamente.org.br\/en\/#website","url":"https:\/\/www.amesuamente.org.br\/en\/","name":"Ame Sua Mente","description":"A mente \u00e9 sua lente para o mundo","publisher":{"@id":"https:\/\/www.amesuamente.org.br\/en\/#organization"},"potentialAction":[{"@type":"SearchAction","target":{"@type":"EntryPoint","urlTemplate":"https:\/\/www.amesuamente.org.br\/en\/?s={search_term_string}"},"query-input":{"@type":"PropertyValueSpecification","valueRequired":true,"valueName":"search_term_string"}}],"inLanguage":"en-US"},{"@type":"Organization","@id":"https:\/\/www.amesuamente.org.br\/en\/#organization","name":"Ame Sua Mente","url":"https:\/\/www.amesuamente.org.br\/en\/","logo":{"@type":"ImageObject","inLanguage":"en-US","@id":"https:\/\/www.amesuamente.org.br\/en\/#\/schema\/logo\/image\/","url":"https:\/\/www.amesuamente.org.br\/en\/wp-content\/uploads\/2023\/03\/logo_l.png","contentUrl":"https:\/\/www.amesuamente.org.br\/en\/wp-content\/uploads\/2023\/03\/logo_l.png","width":216,"height":144,"caption":"Ame Sua Mente"},"image":{"@id":"https:\/\/www.amesuamente.org.br\/en\/#\/schema\/logo\/image\/"},"sameAs":["https:\/\/web.facebook.com\/amesuamenteinstituto","https:\/\/www.instagram.com\/ame_sua_mente\/","https:\/\/br.linkedin.com\/company\/institutoasm","https:\/\/www.youtube.com\/@institutoamesuamente"]},{"@type":"Person","@id":"https:\/\/www.amesuamente.org.br\/en\/#\/schema\/person\/3e4dc15ac16e42f5a0b2bf7c2adae3df","name":"Ame sua Mente","image":{"@type":"ImageObject","inLanguage":"en-US","@id":"https:\/\/www.amesuamente.org.br\/en\/wp-content\/litespeed\/avatar\/bf4cd2b929f7ff6f25bed67826e85d49.jpg?ver=1777502329","url":"https:\/\/www.amesuamente.org.br\/en\/wp-content\/litespeed\/avatar\/bf4cd2b929f7ff6f25bed67826e85d49.jpg?ver=1777502329","contentUrl":"https:\/\/www.amesuamente.org.br\/en\/wp-content\/litespeed\/avatar\/bf4cd2b929f7ff6f25bed67826e85d49.jpg?ver=1777502329","caption":"Ame sua Mente"},"url":"https:\/\/www.amesuamente.org.br\/en\/author\/todoame\/"}]}},"_links":{"self":[{"href":"https:\/\/www.amesuamente.org.br\/en\/wp-json\/wp\/v2\/posts\/9642","targetHints":{"allow":["GET"]}}],"collection":[{"href":"https:\/\/www.amesuamente.org.br\/en\/wp-json\/wp\/v2\/posts"}],"about":[{"href":"https:\/\/www.amesuamente.org.br\/en\/wp-json\/wp\/v2\/types\/post"}],"author":[{"embeddable":true,"href":"https:\/\/www.amesuamente.org.br\/en\/wp-json\/wp\/v2\/users\/2"}],"replies":[{"embeddable":true,"href":"https:\/\/www.amesuamente.org.br\/en\/wp-json\/wp\/v2\/comments?post=9642"}],"version-history":[{"count":3,"href":"https:\/\/www.amesuamente.org.br\/en\/wp-json\/wp\/v2\/posts\/9642\/revisions"}],"predecessor-version":[{"id":9652,"href":"https:\/\/www.amesuamente.org.br\/en\/wp-json\/wp\/v2\/posts\/9642\/revisions\/9652"}],"wp:featuredmedia":[{"embeddable":true,"href":"https:\/\/www.amesuamente.org.br\/en\/wp-json\/wp\/v2\/media\/9643"}],"wp:attachment":[{"href":"https:\/\/www.amesuamente.org.br\/en\/wp-json\/wp\/v2\/media?parent=9642"}],"wp:term":[{"taxonomy":"category","embeddable":true,"href":"https:\/\/www.amesuamente.org.br\/en\/wp-json\/wp\/v2\/categories?post=9642"},{"taxonomy":"post_tag","embeddable":true,"href":"https:\/\/www.amesuamente.org.br\/en\/wp-json\/wp\/v2\/tags?post=9642"}],"curies":[{"name":"wp","href":"https:\/\/api.w.org\/{rel}","templated":true}]}}